{"id":545,"date":"2017-04-19T23:36:51","date_gmt":"2017-04-19T23:36:51","guid":{"rendered":"http:\/\/mt-galerie.de\/?p=545"},"modified":"2018-03-28T07:38:51","modified_gmt":"2018-03-28T07:38:51","slug":"gregori-levit","status":"publish","type":"post","link":"https:\/\/mt-galerie.de\/en\/gregori-levit-profil\/","title":{"rendered":"Gregori Levit"},"content":{"rendered":"<p>Gregori Levit<\/p>\n<p>22.01.1998 in Berlin geboren<br \/>\nJ\u00fcdisch \/ russische Wurzeln<br \/>\nHatte schon als kleiner Junge k\u00fcnstlerische Ambitionen<\/p>\n<p>Seine spirituelle Eingebungen, sowie intensieve Naturverbundenheit inspirieren ihn aus dem Kopf, Gem\u00e4lde in \u00d6l entstehen zu lassen.<\/p>\n<p>Er ist ein Allrounder und Naturtalent. Restauriert u.a. antike M\u00f6bel, Bilder etc.<\/p>\n<p>Sonderauftr\u00e4ge sind m\u00f6glich.<\/p>\n<p>Die ausgestellten Werke k\u00f6nnen ohne, oder auch mit antikem Rahmen vor Ort w\u00e4hrend der Ausstellung sofort erworben werden.<\/p>\n<p>K\u00fcnstler ~ Maler ~ Restaurator<\/p>\n<p>Gregori Levit<\/p>","protected":false},"excerpt":{"rendered":"<p>Gregori Levit 22.01.1998 in Berlin geboren J\u00fcdisch \/ russische Wurzeln Hatte schon als kleiner Junge k\u00fcnstlerische Ambitionen Seine spirituelle Eingebungen, sowie intensieve Naturverbundenheit inspirieren ihn aus dem Kopf, Gem\u00e4lde in \u00d6l entstehen zu lassen. Er ist ein Allrounder und Naturtalent. Restauriert u.a. antike M\u00f6bel, Bilder etc. Sonderauftr\u00e4ge sind m\u00f6glich. Die ausgestellten Werke k\u00f6nnen ohne, oder &hellip; <a href=\"https:\/\/mt-galerie.de\/en\/gregori-levit-profil\/\" class=\"more-link\">Continue reading<span class=\"screen-reader-text\"> &#8220;Gregori Levit&#8221;<\/span><\/a><\/p>\n","protected":false},"author":1,"featured_media":548,"comment_status":"open","ping_status":"open","sticky":false,"template":"","format":"standard","meta":[],"categories":[3],"tags":[],"_links":{"self":[{"href":"https:\/\/mt-galerie.de\/en\/wp-json\/wp\/v2\/posts\/545"}],"collection":[{"href":"https:\/\/mt-galerie.de\/en\/wp-json\/wp\/v2\/posts"}],"about":[{"href":"https:\/\/mt-galerie.de\/en\/wp-json\/wp\/v2\/types\/post"}],"author":[{"embeddable":true,"href":"https:\/\/mt-galerie.de\/en\/wp-json\/wp\/v2\/users\/1"}],"replies":[{"embeddable":true,"href":"https:\/\/mt-galerie.de\/en\/wp-json\/wp\/v2\/comments?post=545"}],"version-history":[{"count":2,"href":"https:\/\/mt-galerie.de\/en\/wp-json\/wp\/v2\/posts\/545\/revisions"}],"predecessor-version":[{"id":549,"href":"https:\/\/mt-galerie.de\/en\/wp-json\/wp\/v2\/posts\/545\/revisions\/549"}],"wp:featuredmedia":[{"embeddable":true,"href":"https:\/\/mt-galerie.de\/en\/wp-json\/wp\/v2\/media\/548"}],"wp:attachment":[{"href":"https:\/\/mt-galerie.de\/en\/wp-json\/wp\/v2\/media?parent=545"}],"wp:term":[{"taxonomy":"category","embeddable":true,"href":"https:\/\/mt-galerie.de\/en\/wp-json\/wp\/v2\/categories?post=545"},{"taxonomy":"post_tag","embeddable":true,"href":"https:\/\/mt-galerie.de\/en\/wp-json\/wp\/v2\/tags?post=545"}],"curies":[{"name":"wp","href":"https:\/\/api.w.org\/{rel}","templated":true}]}}