{"id":323,"date":"2016-07-12T13:58:26","date_gmt":"2016-07-12T13:58:26","guid":{"rendered":"http:\/\/mt-galerie.de\/?p=323"},"modified":"2016-07-12T14:00:05","modified_gmt":"2016-07-12T14:00:05","slug":"valter-santoni-und-fred-laur-jaeaeaeaea","status":"publish","type":"post","link":"https:\/\/mt-galerie.de\/en\/valter-santoni-und-fred-laur-jaeaeaeaea\/","title":{"rendered":"Valter Santoni und Fred Laur &#8211; J\u00e4\u00e4\u00e4\u00e4a"},"content":{"rendered":"<p>Nr.: 3<br \/>\n165 x 184 cm<br \/>\n4000,- \u20ac<\/p>\n","protected":false},"excerpt":{"rendered":"<p>Nr.: 3 165 x 184 cm 4000,- \u20ac<\/p>\n","protected":false},"author":1,"featured_media":262,"comment_status":"open","ping_status":"open","sticky":false,"template":"","format":"standard","meta":[],"categories":[4],"tags":[7],"_links":{"self":[{"href":"https:\/\/mt-galerie.de\/en\/wp-json\/wp\/v2\/posts\/323"}],"collection":[{"href":"https:\/\/mt-galerie.de\/en\/wp-json\/wp\/v2\/posts"}],"about":[{"href":"https:\/\/mt-galerie.de\/en\/wp-json\/wp\/v2\/types\/post"}],"author":[{"embeddable":true,"href":"https:\/\/mt-galerie.de\/en\/wp-json\/wp\/v2\/users\/1"}],"replies":[{"embeddable":true,"href":"https:\/\/mt-galerie.de\/en\/wp-json\/wp\/v2\/comments?post=323"}],"version-history":[{"count":2,"href":"https:\/\/mt-galerie.de\/en\/wp-json\/wp\/v2\/posts\/323\/revisions"}],"predecessor-version":[{"id":326,"href":"https:\/\/mt-galerie.de\/en\/wp-json\/wp\/v2\/posts\/323\/revisions\/326"}],"wp:featuredmedia":[{"embeddable":true,"href":"https:\/\/mt-galerie.de\/en\/wp-json\/wp\/v2\/media\/262"}],"wp:attachment":[{"href":"https:\/\/mt-galerie.de\/en\/wp-json\/wp\/v2\/media?parent=323"}],"wp:term":[{"taxonomy":"category","embeddable":true,"href":"https:\/\/mt-galerie.de\/en\/wp-json\/wp\/v2\/categories?post=323"},{"taxonomy":"post_tag","embeddable":true,"href":"https:\/\/mt-galerie.de\/en\/wp-json\/wp\/v2\/tags?post=323"}],"curies":[{"name":"wp","href":"https:\/\/api.w.org\/{rel}","templated":true}]}}