{"id":2199,"date":"2022-03-07T11:41:28","date_gmt":"2022-03-07T11:41:28","guid":{"rendered":"https:\/\/mt-galerie.de\/?p=2199"},"modified":"2022-07-15T07:53:35","modified_gmt":"2022-07-15T07:53:35","slug":"dio-dioletart","status":"publish","type":"post","link":"https:\/\/mt-galerie.de\/en\/1-dio-dioletart\/","title":{"rendered":"dio &#8211; dioletart"},"content":{"rendered":"<p><strong>dio &#8211; dioletart<\/strong><\/p>\n<p><iframe width=\"560\" height=\"315\" src=\"https:\/\/www.youtube-nocookie.com\/embed\/exnCBJfqc_Y\" title=\"YouTube video player\" frameborder=\"0\" allow=\"accelerometer; autoplay; clipboard-write; encrypted-media; gyroscope; picture-in-picture\" allowfullscreen><\/iframe><\/p>\n<p><a href=\"https:\/\/www.youtube.com\/watch?v=MxawNCh_oVg\" target=\"_tab\" rel=\"noopener\">Ganzes Video auf Youtube anschauen<\/a><\/p>\n<p>Wir pr\u00e4sentieren euch ab dem 12.03.2022 die neue Berliner K\u00fcnstlerin Dio. 1982 im Harz geboren, wuchs sie in einer kreativ<br \/>\nbegabten Familie auf, Vater Steinbildhauermeister, Mutter Malerin.<br \/>\nSie lebt seit 2012 in Berlin, die Stadt, die sie schon als Kind<br \/>\nmagisch in ihren Bann gezogen hat und von der sie sich immer wieder<br \/>\nkreative Impulse erhofft.  Hier arbeitet sie in der Verkaufsbranche im<br \/>\nAkquisitionsbereich.<\/p>\n<p>Parallel dazu lebt sie ihre k\u00fcnstlerischen<br \/>\nAmbitionen sowohl in der Musik als auch in der<br \/>\nMalerei in vielen Facetten aus, denn schon seit<br \/>\nfr\u00fchester Kindheit hat sie intuitiv nach kreativen<br \/>\nVentilen gesucht, um ihren Emotionen Ausdruck<br \/>\nzu verleihen.<\/p>\n<p>Als Singer-Songwriterin hat sie in mehreren Bands<br \/>\nihre musikalische Seite verwirklichen k\u00f6nnen.<br \/>\nDerzeit arbeitet sie unter \u201eultradiolet\u201c an ihrem<br \/>\nSoloprojekt.<br \/>\nBeim Malen spielt das H\u00f6ren von Musik f\u00fcr sie zudem eine entscheidende<br \/>\nRolle, es \u00f6ffnet Ihr den Zugang zum Malprozess.<\/p>\n<p>Ausgestattet mit dem \u201eWiegentalent\u201c entwickelte sich dann<br \/>\nin der Jugend die Passion zur Malerei, welches sich in sp\u00e4teren Jahren nach ihrem Motto intensivierte:<\/p>\n<p>\u201eDie Kunst ist wie ein Portal &#8211; von meiner Seele zur Au\u00dfenwelt\u201c.<\/p>\n<p>Sie beschreibt ihre eigenwillige Schaffensphase als einen f\u00fcr<br \/>\nsie intensiven Befreiungsprozess, der sich in der besonderen Technik und dem<br \/>\nEndergebnis reflektiert.<br \/>\nDie Gesch\u00f6pfe in ihren Bildern verbergen sich f\u00fcr sie im<br \/>\nvermeintlichen Chaos des je nach Stimmung gespachtelten<br \/>\nHintergrundes &#8211; sie \u201ebefreit\u201c sie lediglich und findet in<br \/>\nihnen ihren \u201eSeelenspiegel\u201c.<\/p>\n<p>\u201eWenn Gedanken oder Gef\u00fchle zu laut werden, weil Sie raus wollen, mache ich sie sichtbar.<br \/>\nIn meinen Bildern werden Sie dann friedlich und geben mir Energie, so als sp\u00fcrte ich Ihre Dankbarkeit daf\u00fcr, dass ich Sie befreit habe.\u201c<\/p>\n<p>Technik: Mehrschicht-Acrylmalerei,<br \/>\nSpachteltechnik,<br \/>\nKonturen- und Lackstifte, teils auch Blattgold<\/p>\n<p>Die K\u00fcnstlerin w\u00fcnscht sich mit ihren Werken Menschen emotional positiv zu erreichen.<br \/>\nSie m\u00f6chte den Weg f\u00fcr den Blick in sich selbst \u00f6ffnen, zum Nachdenken anregen und Hoffnung, Zuversicht sowie Lebensfreude vermitteln.<\/p>\n<p>Wir freuen uns auf diese einzigartige Ausstellung und laden euch zu Dios Vernissage am 12.03.2022 ab 18:00 Uhr ein.<br \/>\nKommt unbedingt vorbei!<\/p>","protected":false},"excerpt":{"rendered":"<p>dio &#8211; dioletart Ganzes Video auf Youtube anschauen Wir pr\u00e4sentieren euch ab dem 12.03.2022 die neue Berliner K\u00fcnstlerin Dio. 1982 im Harz geboren, wuchs sie in einer kreativ begabten Familie auf, Vater Steinbildhauermeister, Mutter Malerin. Sie lebt seit 2012 in Berlin, die Stadt, die sie schon als Kind magisch in ihren Bann gezogen hat und &hellip; <a href=\"https:\/\/mt-galerie.de\/en\/1-dio-dioletart\/\" class=\"more-link\">Continue reading<span class=\"screen-reader-text\"> &#8220;dio &#8211; dioletart&#8221;<\/span><\/a><\/p>\n","protected":false},"author":1,"featured_media":2200,"comment_status":"open","ping_status":"open","sticky":false,"template":"","format":"standard","meta":[],"categories":[3],"tags":[],"_links":{"self":[{"href":"https:\/\/mt-galerie.de\/en\/wp-json\/wp\/v2\/posts\/2199"}],"collection":[{"href":"https:\/\/mt-galerie.de\/en\/wp-json\/wp\/v2\/posts"}],"about":[{"href":"https:\/\/mt-galerie.de\/en\/wp-json\/wp\/v2\/types\/post"}],"author":[{"embeddable":true,"href":"https:\/\/mt-galerie.de\/en\/wp-json\/wp\/v2\/users\/1"}],"replies":[{"embeddable":true,"href":"https:\/\/mt-galerie.de\/en\/wp-json\/wp\/v2\/comments?post=2199"}],"version-history":[{"count":8,"href":"https:\/\/mt-galerie.de\/en\/wp-json\/wp\/v2\/posts\/2199\/revisions"}],"predecessor-version":[{"id":2342,"href":"https:\/\/mt-galerie.de\/en\/wp-json\/wp\/v2\/posts\/2199\/revisions\/2342"}],"wp:featuredmedia":[{"embeddable":true,"href":"https:\/\/mt-galerie.de\/en\/wp-json\/wp\/v2\/media\/2200"}],"wp:attachment":[{"href":"https:\/\/mt-galerie.de\/en\/wp-json\/wp\/v2\/media?parent=2199"}],"wp:term":[{"taxonomy":"category","embeddable":true,"href":"https:\/\/mt-galerie.de\/en\/wp-json\/wp\/v2\/categories?post=2199"},{"taxonomy":"post_tag","embeddable":true,"href":"https:\/\/mt-galerie.de\/en\/wp-json\/wp\/v2\/tags?post=2199"}],"curies":[{"name":"wp","href":"https:\/\/api.w.org\/{rel}","templated":true}]}}