{"id":1427,"date":"2019-11-05T16:43:02","date_gmt":"2019-11-05T16:43:02","guid":{"rendered":"https:\/\/mt-galerie.de\/?p=1427"},"modified":"2019-11-05T16:43:34","modified_gmt":"2019-11-05T16:43:34","slug":"margret-do%cc%88ring","status":"publish","type":"post","link":"https:\/\/mt-galerie.de\/en\/margret-doering-kuenstler-profil-2\/","title":{"rendered":"Margret Do\u0308ring"},"content":{"rendered":"<h3>MARGRET D\u00d6RING<\/h3>\n<p>lebt und arbeitet in Berlin <\/p>\n<p><strong>Lebenslauf<\/strong><\/p>\n<p><strong>1945<\/strong> &#8211; in Papenburg \/ Ems<br \/>\n<strong>64 \u2013 65<\/strong> &#8211; Studium Soziologie \/ Psychologie<br \/>\n<strong>66 \u2013 69<\/strong> &#8211; Studium Sozialp\u00e4dagogik<br \/>\n<strong>72 \u2013 74<\/strong> &#8211; Weiterbildung Supervision<br \/>\n<strong>77 \u2013 85<\/strong> &#8211; Studium analytische Psychotherapie f\u00fcr Kinder und Jugendliche<br \/>\n<strong>seit 86<\/strong> &#8211; autodidaktisches Studium der Bildenden Kunst, Schwerpunkt Malerei<br \/>\n<strong>seit 88<\/strong> &#8211; Ausstellungen in Berlin und Umland<\/p>\n<p><strong>Zu meiner Malerei<\/strong><\/p>\n<p>Seit \u00fcber 30 Jahren l\u00e4sst mich die Malerei nicht mehr los. Mich fasziniert die Vielfalt von Gestaltungsm\u00f6glichkeiten und darin einen eigenen Weg zu finden. Ich gestatte mir, der Phantasie R\u00e4ume auf Papier und Leinwand zu geben, indem ich mich intensiv auf den Gestaltungsprozess und den Dialog mit dem entstehenden Werk einlasse. Neugier und Auseinandersetzung begleiten mich beim Schaffen. Kunst ist f\u00fcr mich der immer wieder herausfordernde Versuch, etwas fassbar zu machen, was schwer zu greifen ist: Stimmungen, Gef\u00fchle, Ausstrahlung ausgel\u00f6st durch Menschen, Landschaften, Situationen, Dinge.<\/p>\n<p>M. D. Januar 2017<\/p>\n","protected":false},"excerpt":{"rendered":"<p>MARGRET D\u00d6RING lebt und arbeitet in Berlin Lebenslauf 1945 &#8211; in Papenburg \/ Ems 64 \u2013 65 &#8211; Studium Soziologie \/ Psychologie 66 \u2013 69 &#8211; Studium Sozialp\u00e4dagogik 72 \u2013 74 &#8211; Weiterbildung Supervision 77 \u2013 85 &#8211; Studium analytische Psychotherapie f\u00fcr Kinder und Jugendliche seit 86 &#8211; autodidaktisches Studium der Bildenden Kunst, Schwerpunkt Malerei &hellip; <a href=\"https:\/\/mt-galerie.de\/en\/margret-doering-kuenstler-profil-2\/\" class=\"more-link\">Continue reading<span class=\"screen-reader-text\"> &#8220;Margret Do\u0308ring&#8221;<\/span><\/a><\/p>\n","protected":false},"author":1,"featured_media":1119,"comment_status":"open","ping_status":"open","sticky":false,"template":"","format":"standard","meta":[],"categories":[3],"tags":[],"_links":{"self":[{"href":"https:\/\/mt-galerie.de\/en\/wp-json\/wp\/v2\/posts\/1427"}],"collection":[{"href":"https:\/\/mt-galerie.de\/en\/wp-json\/wp\/v2\/posts"}],"about":[{"href":"https:\/\/mt-galerie.de\/en\/wp-json\/wp\/v2\/types\/post"}],"author":[{"embeddable":true,"href":"https:\/\/mt-galerie.de\/en\/wp-json\/wp\/v2\/users\/1"}],"replies":[{"embeddable":true,"href":"https:\/\/mt-galerie.de\/en\/wp-json\/wp\/v2\/comments?post=1427"}],"version-history":[{"count":1,"href":"https:\/\/mt-galerie.de\/en\/wp-json\/wp\/v2\/posts\/1427\/revisions"}],"predecessor-version":[{"id":1428,"href":"https:\/\/mt-galerie.de\/en\/wp-json\/wp\/v2\/posts\/1427\/revisions\/1428"}],"wp:featuredmedia":[{"embeddable":true,"href":"https:\/\/mt-galerie.de\/en\/wp-json\/wp\/v2\/media\/1119"}],"wp:attachment":[{"href":"https:\/\/mt-galerie.de\/en\/wp-json\/wp\/v2\/media?parent=1427"}],"wp:term":[{"taxonomy":"category","embeddable":true,"href":"https:\/\/mt-galerie.de\/en\/wp-json\/wp\/v2\/categories?post=1427"},{"taxonomy":"post_tag","embeddable":true,"href":"https:\/\/mt-galerie.de\/en\/wp-json\/wp\/v2\/tags?post=1427"}],"curies":[{"name":"wp","href":"https:\/\/api.w.org\/{rel}","templated":true}]}}