{"id":1422,"date":"2019-11-05T16:40:09","date_gmt":"2019-11-05T16:40:09","guid":{"rendered":"https:\/\/mt-galerie.de\/?p=1422"},"modified":"2019-11-05T16:40:09","modified_gmt":"2019-11-05T16:40:09","slug":"egor-noskow-2","status":"publish","type":"post","link":"https:\/\/mt-galerie.de\/en\/egor-noskow-kuenstler-profil\/","title":{"rendered":"Egor-Noskow"},"content":{"rendered":"<p>Egor Noskow (Gora&#8217;N) &#8211; wurde 1999 geboren. Moskau. <\/p>\n<p>2016 absolvierte MAHL RAH an der Akademie. Surikova, Moskau.<br \/>\nEin Student des dritten Jahres der Restaurierungsabteilung des Art College nach 1905 benannt.<br \/>\nMitglied der Union der K\u00fcnstler des Internationalen Kunstfonds.<br \/>\nMitglied der Union der &#8220;Russischen Spacemen&#8221;, der K\u00fcnstler ist ein Kosmist.<br \/>\nMitglied der kreativen Vereinigung professioneller K\u00fcnstler.<br \/>\nMitglied der Gesellschaft der russischen K\u00fcnstler der chinesischen Maler &#8220;Gontbou&#8221; Ausstellungen<br \/>\n2016 &#8211; Galerie &#8220;Vinogradov&#8221; -Vernisage Moskauer Mauler, Shodovieskistr.25, Berlin<br \/>\n2016- &#8220;Puppe ist auch ein Mann&#8221; \u041c\u0425\u0425, Moskau Levschinskii str..8 \/ 1<br \/>\n2016 &#8211; &#8220;Teatrum un paperen&#8221; Teatrum ARTISCHOCKEN, N\u00fcrnberg, Landgrabenstr. 139<br \/>\n2016- &#8220;Winterm\u00e4rchen&#8221; MHF, Moskau Levshinsky per. 8\/1<br \/>\n2016 &#8211; Gra\ufb01k &#8220;Psychologie des Kosmos&#8221;, Galerie Anton Laiko-Berlin, Soldinerstr.103<br \/>\n2016 &#8211; Evangelische Klinik sv. Elisabet-Kesselhaus Museum in Berlin &#8220;Realismus und Abstraktion &#8220;- Herzbergstra\u00dfe 76, Berlin<br \/>\n2017- &#8220;The Space Road&#8221; Ausstellungshalle &#8220;Tuschino&#8221;, Moskau<br \/>\n2017- &#8220;Teatre sur pepire&#8221; Parise, Rue Durantin 12, Franse<br \/>\n2017- &#8220;Space Space, IFO&#8221; Ausstellungshalle der &#8220;Star City&#8221;, der Stadt Korolev<br \/>\n2017- &#8220;Space&#8221; IAFM, Moskau Prechistenka 10\/2<br \/>\n2017- &#8220;Kreative Umgebungen&#8221;, &#8220;Die Umgebung des Menschen, in der modernen Welt XXI&#8221; Zentrales Haus der K\u00fcnstler, Moskau<br \/>\n2018- &#8220;Horizont in Bezug auf die gra\ufb01sche Wahrnehmung&#8221; Ausstellungshalle &#8220;Novoperedelkino&#8221; Moskau Ver\u00f6ffentlichung im Almanach &#8220;Realismus des XX Jahrhunderts&#8221;, Verlag INFO<br \/>\n2017 -lnstagram &#8211; @milena._miller. G+ Milena Miller FB &#8211; Milena Miller Art    <\/p>\n","protected":false},"excerpt":{"rendered":"<p>Egor Noskow (Gora&#8217;N) &#8211; wurde 1999 geboren. Moskau. 2016 absolvierte MAHL RAH an der Akademie. Surikova, Moskau. Ein Student des dritten Jahres der Restaurierungsabteilung des Art College nach 1905 benannt. Mitglied der Union der K\u00fcnstler des Internationalen Kunstfonds. Mitglied der Union der &#8220;Russischen Spacemen&#8221;, der K\u00fcnstler ist ein Kosmist. Mitglied der kreativen Vereinigung professioneller K\u00fcnstler. &hellip; <a href=\"https:\/\/mt-galerie.de\/en\/egor-noskow-kuenstler-profil\/\" class=\"more-link\">Continue reading<span class=\"screen-reader-text\"> &#8220;Egor-Noskow&#8221;<\/span><\/a><\/p>\n","protected":false},"author":1,"featured_media":1117,"comment_status":"open","ping_status":"open","sticky":false,"template":"","format":"standard","meta":[],"categories":[3],"tags":[],"_links":{"self":[{"href":"https:\/\/mt-galerie.de\/en\/wp-json\/wp\/v2\/posts\/1422"}],"collection":[{"href":"https:\/\/mt-galerie.de\/en\/wp-json\/wp\/v2\/posts"}],"about":[{"href":"https:\/\/mt-galerie.de\/en\/wp-json\/wp\/v2\/types\/post"}],"author":[{"embeddable":true,"href":"https:\/\/mt-galerie.de\/en\/wp-json\/wp\/v2\/users\/1"}],"replies":[{"embeddable":true,"href":"https:\/\/mt-galerie.de\/en\/wp-json\/wp\/v2\/comments?post=1422"}],"version-history":[{"count":1,"href":"https:\/\/mt-galerie.de\/en\/wp-json\/wp\/v2\/posts\/1422\/revisions"}],"predecessor-version":[{"id":1423,"href":"https:\/\/mt-galerie.de\/en\/wp-json\/wp\/v2\/posts\/1422\/revisions\/1423"}],"wp:featuredmedia":[{"embeddable":true,"href":"https:\/\/mt-galerie.de\/en\/wp-json\/wp\/v2\/media\/1117"}],"wp:attachment":[{"href":"https:\/\/mt-galerie.de\/en\/wp-json\/wp\/v2\/media?parent=1422"}],"wp:term":[{"taxonomy":"category","embeddable":true,"href":"https:\/\/mt-galerie.de\/en\/wp-json\/wp\/v2\/categories?post=1422"},{"taxonomy":"post_tag","embeddable":true,"href":"https:\/\/mt-galerie.de\/en\/wp-json\/wp\/v2\/tags?post=1422"}],"curies":[{"name":"wp","href":"https:\/\/api.w.org\/{rel}","templated":true}]}}