{"id":1314,"date":"2019-07-20T08:44:42","date_gmt":"2019-07-20T08:44:42","guid":{"rendered":"https:\/\/mt-galerie.de\/?p=1314"},"modified":"2022-03-30T09:18:09","modified_gmt":"2022-03-30T09:18:09","slug":"eva-raboso","status":"publish","type":"post","link":"https:\/\/mt-galerie.de\/en\/eva-raboso\/","title":{"rendered":"Eva Raboso"},"content":{"rendered":"<p><strong>Eva Raboso<\/strong><\/p>\n<p>Ausstellung \u201cTHE UNIVERSE OF A DREAM\u201d von Eva Raboso<\/p>\n<p><iframe width=\"560\" height=\"315\" src=\"https:\/\/www.youtube-nocookie.com\/embed\/TjNfeIv175M\" title=\"YouTube video player\" frameborder=\"0\" allow=\"accelerometer; autoplay; clipboard-write; encrypted-media; gyroscope; picture-in-picture\" allowfullscreen><\/iframe><\/p>\n<p>ART-TECHNOLOGY \/ TECHNOLOGY-ART EINE NEUE ART, EIN BILD ZU BEOBACHTEN Urban Vertical ist ein neuer k\u00fcnstlerischer Trend, der eine bemalte Leinwand und eine Kamera kombiniert. Wenn Elemente mit einer anderen Achse erstellt und mit einem einzigen Auge, einer Kamera und\/oder einem mobilen Ger\u00e4t betrachtet werden, kann der Betrachter das Bild in 3D wahrnehmen. Wenn sie also mit der Kamera spielen, werden die Autos nachgebildet, und es scheint, als k\u00f6nnten sie sich ins Bild setzen, sich durch die Stra\u00dfen bewegen, in die Ecken abbiegen und in die Tunnel einfahren. Es ist eine M\u00f6glichkeit, Teil des Bildes zu sein, es von innen zu betrachten und sein Inneres zu kennen. Alles hat zuf\u00e4llig eine neue Dimension, die nur durch die Kamera wahrgenommen wird. Dieser 3D-Effekt wird von jeder Optik, jedem Sucher oder Objektiv einer Kamera oder\/und eines Mobilger\u00e4ts wahrgenommen. Auch mit nur einem Auge. Es ist eine neue Art, Technologie und Kunst zu verbinden, eine neue Art, ein Gem\u00e4lde zu betrachten. Um diesen neuen k\u00fcnstlerischen Trend zu entwickeln, musste ein spezifisches Design durchgef\u00fchrt werden, bei dem die verschiedenen Elemente, aus denen sich das Gem\u00e4lde zusammensetzt, mit unterschiedlichen Ma\u00dfen und Achsen gezeichnet werden. Es ist eine visuelle Empfindung, die durch die verschiedenen Punkte erzeugt wird, in denen sich die verschiedenen Achsen der Elemente des Gem\u00e4ldes befinden. Ein weiteres grundlegendes Merkmal von Urban Vertical ist die Farbe des Himmels im Kontrast zum Schwarz seiner Stra\u00dfen und Geb\u00e4ude. Es geht um Farben, die den gestalteten Raum hervorheben und ihm Tiefe verleihen. Ein Bild (Aquarium) l\u00e4dt sich tags\u00fcber auf und Teile des Bildes (Fische) leuchten bei Dunkelheit. Einige Werke von Eva Raboso k\u00f6nnen mit einem Laserpointer ver\u00e4ndert werden. Der Effekt h\u00e4lt dann 30 Minuten an.<\/p>\n<p>Ihre Werke werden ab der Vernissage am 10.08.2019 ab 18:00 Uhr pr\u00e4sentiert und alle M\u00f6glichkeiten werden gezeigt. <\/p>\n<p>Wir freuen uns auf Euch.<\/p>\n","protected":false},"excerpt":{"rendered":"<p>Eva Raboso Ausstellung \u201cTHE UNIVERSE OF A DREAM\u201d von Eva Raboso ART-TECHNOLOGY \/ TECHNOLOGY-ART EINE NEUE ART, EIN BILD ZU BEOBACHTEN Urban Vertical ist ein neuer k\u00fcnstlerischer Trend, der eine bemalte Leinwand und eine Kamera kombiniert. Wenn Elemente mit einer anderen Achse erstellt und mit einem einzigen Auge, einer Kamera und\/oder einem mobilen Ger\u00e4t betrachtet &hellip; <a href=\"https:\/\/mt-galerie.de\/en\/eva-raboso\/\" class=\"more-link\">Continue reading<span class=\"screen-reader-text\"> &#8220;Eva Raboso&#8221;<\/span><\/a><\/p>\n","protected":false},"author":1,"featured_media":1311,"comment_status":"open","ping_status":"open","sticky":false,"template":"","format":"standard","meta":[],"categories":[3],"tags":[],"_links":{"self":[{"href":"https:\/\/mt-galerie.de\/en\/wp-json\/wp\/v2\/posts\/1314"}],"collection":[{"href":"https:\/\/mt-galerie.de\/en\/wp-json\/wp\/v2\/posts"}],"about":[{"href":"https:\/\/mt-galerie.de\/en\/wp-json\/wp\/v2\/types\/post"}],"author":[{"embeddable":true,"href":"https:\/\/mt-galerie.de\/en\/wp-json\/wp\/v2\/users\/1"}],"replies":[{"embeddable":true,"href":"https:\/\/mt-galerie.de\/en\/wp-json\/wp\/v2\/comments?post=1314"}],"version-history":[{"count":2,"href":"https:\/\/mt-galerie.de\/en\/wp-json\/wp\/v2\/posts\/1314\/revisions"}],"predecessor-version":[{"id":2256,"href":"https:\/\/mt-galerie.de\/en\/wp-json\/wp\/v2\/posts\/1314\/revisions\/2256"}],"wp:featuredmedia":[{"embeddable":true,"href":"https:\/\/mt-galerie.de\/en\/wp-json\/wp\/v2\/media\/1311"}],"wp:attachment":[{"href":"https:\/\/mt-galerie.de\/en\/wp-json\/wp\/v2\/media?parent=1314"}],"wp:term":[{"taxonomy":"category","embeddable":true,"href":"https:\/\/mt-galerie.de\/en\/wp-json\/wp\/v2\/categories?post=1314"},{"taxonomy":"post_tag","embeddable":true,"href":"https:\/\/mt-galerie.de\/en\/wp-json\/wp\/v2\/tags?post=1314"}],"curies":[{"name":"wp","href":"https:\/\/api.w.org\/{rel}","templated":true}]}}